{"id":83,"date":"2024-11-05T15:39:53","date_gmt":"2024-11-05T15:39:53","guid":{"rendered":"https:\/\/fnmc.pt\/?p=83"},"modified":"2024-11-08T17:38:56","modified_gmt":"2024-11-08T17:38:56","slug":"dia-europeu-da-mediacao-de-conflitos-21-de-janeiro","status":"publish","type":"post","link":"https:\/\/fnmc.pt\/en\/dia-europeu-da-mediacao-de-conflitos-21-de-janeiro\/","title":{"rendered":"Dia Europeu da Media\u00e7\u00e3o de Conflitos 21 de Janeiro"},"content":{"rendered":"<p>A Comiss\u00e3o Portuguesa de Media\u00e7\u00e3o, constitu\u00edda por um grupo de pessoas colectivas e individuais, refer\u00eancias no \u00e2mbito da Media\u00e7\u00e3o de Conflitos, onde a FMC tamb\u00e9m participa, est\u00e1 pela 3\u00aa vez a reunir-se com as Comiss\u00f5es e Grupos Parlamentares, a prop\u00f3sito das propostas de altera\u00e7\u00e3o legislativas que deram entrada no ver\u00e3o de 2020 e, de novo, no final de 2022.<\/p>","protected":false},"excerpt":{"rendered":"<p>A Comiss\u00e3o Portuguesa de Media\u00e7\u00e3o, constitu\u00edda por um grupo de pessoas colectivas e individuais, refer\u00eancias no \u00e2mbito da Media\u00e7\u00e3o de Conflitos, onde a FMC tamb\u00e9m participa, est\u00e1 pela 3\u00aa vez a reunir-se com as Comiss\u00f5es e Grupos Parlamentares, a prop\u00f3sito das propostas de altera\u00e7\u00e3o legislativas que deram entrada no ver\u00e3o de 2020 e, de novo, [&hellip;]<\/p>\n","protected":false},"author":2,"featured_media":14,"comment_status":"closed","ping_status":"open","sticky":false,"template":"","format":"standard","meta":{"_acf_changed":false,"_et_pb_use_builder":"","_et_pb_old_content":"","_et_gb_content_width":"","footnotes":""},"categories":[6,7,11,1,10,9],"tags":[],"class_list":["post-83","post","type-post","status-publish","format-standard","has-post-thumbnail","hentry","category-clube-de-leitura","category-congresso","category-destaque-slider","category-noticias","category-outros-assuntos-de-interesse","category-sobre-mediacao"],"acf":[],"_links":{"self":[{"href":"https:\/\/fnmc.pt\/en\/wp-json\/wp\/v2\/posts\/83","targetHints":{"allow":["GET"]}}],"collection":[{"href":"https:\/\/fnmc.pt\/en\/wp-json\/wp\/v2\/posts"}],"about":[{"href":"https:\/\/fnmc.pt\/en\/wp-json\/wp\/v2\/types\/post"}],"author":[{"embeddable":true,"href":"https:\/\/fnmc.pt\/en\/wp-json\/wp\/v2\/users\/2"}],"replies":[{"embeddable":true,"href":"https:\/\/fnmc.pt\/en\/wp-json\/wp\/v2\/comments?post=83"}],"version-history":[{"count":1,"href":"https:\/\/fnmc.pt\/en\/wp-json\/wp\/v2\/posts\/83\/revisions"}],"predecessor-version":[{"id":84,"href":"https:\/\/fnmc.pt\/en\/wp-json\/wp\/v2\/posts\/83\/revisions\/84"}],"wp:featuredmedia":[{"embeddable":true,"href":"https:\/\/fnmc.pt\/en\/wp-json\/wp\/v2\/media\/14"}],"wp:attachment":[{"href":"https:\/\/fnmc.pt\/en\/wp-json\/wp\/v2\/media?parent=83"}],"wp:term":[{"taxonomy":"category","embeddable":true,"href":"https:\/\/fnmc.pt\/en\/wp-json\/wp\/v2\/categories?post=83"},{"taxonomy":"post_tag","embeddable":true,"href":"https:\/\/fnmc.pt\/en\/wp-json\/wp\/v2\/tags?post=83"}],"curies":[{"name":"wp","href":"https:\/\/api.w.org\/{rel}","templated":true}]}}